{"id":1834,"date":"2018-05-11T20:04:03","date_gmt":"2018-05-11T18:04:03","guid":{"rendered":"http:\/\/j-was-here.com\/?p=1834"},"modified":"2024-05-02T12:19:13","modified_gmt":"2024-05-02T10:19:13","slug":"die-affeninsel-isla-de-los-monos-und-ein-bisschen-avatar-nahe-iquitos","status":"publish","type":"post","link":"https:\/\/j-was-here.com\/de\/auf-reisen\/die-affeninsel-isla-de-los-monos-und-ein-bisschen-avatar-nahe-iquitos\/","title":{"rendered":"Die Affeninsel Isla de los Monos und ein bisschen &#8222;Avatar&#8220; nahe Iquitos"},"content":{"rendered":"\n<h2 class=\"has-text-align-center wp-block-heading\">Gal\u00e1pagos &amp; Peru Rundreise: Tag 16 &#8211; max. 3 Affen sitzen auf meiner Schulter<\/h2>\n\n\n\n<hr class=\"wp-block-separator has-alpha-channel-opacity\"\/>\n\n\n\n<p>Den Vormittag haben wir auf der ca. eine halbe Stunde entfernten Affeninsel nahe Iquitos im Amazonas-Gebiet von Peru verbracht. Es war gro\u00dfartig, die Tiere endlich mal ohne K\u00e4fig in freier Natur zu erleben.<\/p>\n\n\n\n<p>Zwei Arten &#8211; Wooley Monkeys und Spider Monkeys &#8211; waren sehr zutraulich und kamen freiwillig zu uns (der Anreiz waren die Apfelst\u00fcckchen, die unser Guide bei sich hatte). Das war auch ein guter K\u00f6der, um sich so ein kleines possierliches Wesen einmal auf die Schulter zu setzen und ein Selfie zu machen. \ud83d\ude42<\/p>\n\n\n\n<p>Mit ein oder zwei weiteren Arten waren das die zutraulichsten der vielen Affen, die alle hier aus dem Dasein als Haustier oder sonstigem befreit wurden.<\/p>\n\n\n\n<p>Br\u00fcllaffen oder eine andere, winzige Art haben wir zwar entweder nur geh\u00f6rt oder mussten daf\u00fcr ein St\u00fcck in den Wald gehen, um sie zu finden.<\/p>\n\n\n\n<h3 class=\"wp-block-heading\">Der Nachmittag: Ein bisschen &#8222;Avatar &#8211; Aufbruch nach Pandora&#8220;-Feeling im peruanischen Dschungel<\/h3>\n\n\n\n<p>Heute Nachmittag haben wir uns nach einer halbst\u00fcndigen Bootstour ein wenig durch den Urwald geschlagen, um zu einem etwa 200 Jahre alten Baum zu kommen. Wir dachten beide sofort &#8222;hier hat sich James Cameron f\u00fcr Avatar inspirieren lassen&#8220;. Man konnte ganz oben in vielleicht 40 Metern H\u00f6he viele der Urspr\u00fcnge der zahllosen Lianen erkennen, die fast alle bis hinunter auf den Boden hingen.&nbsp;Zwischen den Wurzeln des riesigen Baumes h\u00e4tte man gut eine kleine H\u00fctte bauen k\u00f6nnen &#8211; drei W\u00e4nde st\u00e4nden schon.&nbsp;An einer anderen Stelle haben wir dann ausprobiert, dass die Lianen tats\u00e4chlich unser Gewicht tragen.<\/p>\n\n\n\n<p class=\"has-background-light-background-color has-background\">\/\/ Affeninsel: <a href=\"https:\/\/laisladelosmonos.org\">Isla de los Monos Website<\/a> oder Infos auf <a href=\"https:\/\/www.facebook.com\/laisladelosmonosperu\/\">Facebook<\/a><\/p>\n\n\n\n<figure class=\"wp-block-gallery has-nested-images columns-default is-cropped wp-block-gallery-1 is-layout-flex wp-block-gallery-is-layout-flex\">\n<figure class=\"wp-block-image size-large\"><img decoding=\"async\" width=\"683\" height=\"1024\" data-id=\"4188\" data-src=\"https:\/\/j-was-here.com\/de\/wp-content\/uploads\/sites\/7\/1805_America\/1805_expedition_05_Iquitos_00093-6-683x1024.jpg\" alt=\"Erkundung von Iquitos, Amazonas, Peru, S\u00fcdamerika\" class=\"wp-image-4188 lazyload\" data-srcset=\"https:\/\/j-was-here.com\/de\/wp-content\/uploads\/sites\/7\/1805_America\/1805_expedition_05_Iquitos_00093-6-683x1024.jpg 683w, https:\/\/j-was-here.com\/de\/wp-content\/uploads\/sites\/7\/1805_America\/1805_expedition_05_Iquitos_00093-6-200x300.jpg 200w, https:\/\/j-was-here.com\/de\/wp-content\/uploads\/sites\/7\/1805_America\/1805_expedition_05_Iquitos_00093-6-768x1152.jpg 768w, https:\/\/j-was-here.com\/de\/wp-content\/uploads\/sites\/7\/1805_America\/1805_expedition_05_Iquitos_00093-6-1024x1536.jpg 1024w, https:\/\/j-was-here.com\/de\/wp-content\/uploads\/sites\/7\/1805_America\/1805_expedition_05_Iquitos_00093-6-1365x2048.jpg 1365w, https:\/\/j-was-here.com\/de\/wp-content\/uploads\/sites\/7\/1805_America\/1805_expedition_05_Iquitos_00093-6-1170x1755.jpg 1170w, https:\/\/j-was-here.com\/de\/wp-content\/uploads\/sites\/7\/1805_America\/1805_expedition_05_Iquitos_00093-6-scaled.jpg 1707w\" data-sizes=\"(max-width: 683px) 100vw, 683px\" src=\"data:image\/svg+xml;base64,PHN2ZyB3aWR0aD0iMSIgaGVpZ2h0PSIxIiB4bWxucz0iaHR0cDovL3d3dy53My5vcmcvMjAwMC9zdmciPjwvc3ZnPg==\" style=\"--smush-placeholder-width: 683px; --smush-placeholder-aspect-ratio: 683\/1024;\" \/><\/figure>\n\n\n\n<figure class=\"wp-block-image size-large\"><img decoding=\"async\" width=\"1024\" height=\"683\" data-id=\"4011\" data-src=\"https:\/\/j-was-here.com\/de\/wp-content\/uploads\/sites\/7\/1805_America\/1805_expedition_05_Iquitos_00083-3-1024x683.jpg\" alt=\"Erkundung von Iquitos, Amazonas, Peru, S\u00fcdamerika\" class=\"wp-image-4011 lazyload\" data-srcset=\"https:\/\/j-was-here.com\/de\/wp-content\/uploads\/sites\/7\/1805_America\/1805_expedition_05_Iquitos_00083-3-1024x683.jpg 1024w, https:\/\/j-was-here.com\/de\/wp-content\/uploads\/sites\/7\/1805_America\/1805_expedition_05_Iquitos_00083-3-300x200.jpg 300w, https:\/\/j-was-here.com\/de\/wp-content\/uploads\/sites\/7\/1805_America\/1805_expedition_05_Iquitos_00083-3-768x512.jpg 768w, https:\/\/j-was-here.com\/de\/wp-content\/uploads\/sites\/7\/1805_America\/1805_expedition_05_Iquitos_00083-3-1536x1024.jpg 1536w, https:\/\/j-was-here.com\/de\/wp-content\/uploads\/sites\/7\/1805_America\/1805_expedition_05_Iquitos_00083-3-2048x1365.jpg 2048w, https:\/\/j-was-here.com\/de\/wp-content\/uploads\/sites\/7\/1805_America\/1805_expedition_05_Iquitos_00083-3-1170x780.jpg 1170w\" data-sizes=\"(max-width: 1024px) 100vw, 1024px\" src=\"data:image\/svg+xml;base64,PHN2ZyB3aWR0aD0iMSIgaGVpZ2h0PSIxIiB4bWxucz0iaHR0cDovL3d3dy53My5vcmcvMjAwMC9zdmciPjwvc3ZnPg==\" style=\"--smush-placeholder-width: 1024px; --smush-placeholder-aspect-ratio: 1024\/683;\" \/><\/figure>\n\n\n\n<figure class=\"wp-block-image size-large\"><img decoding=\"async\" width=\"683\" height=\"1024\" data-id=\"4039\" data-src=\"https:\/\/j-was-here.com\/de\/wp-content\/uploads\/sites\/7\/1805_America\/1805_expedition_05_Iquitos_00025-11-683x1024.jpg\" alt=\"Erkundung von Iquitos, Amazonas, Peru, S\u00fcdamerika\" class=\"wp-image-4039 lazyload\" data-srcset=\"https:\/\/j-was-here.com\/de\/wp-content\/uploads\/sites\/7\/1805_America\/1805_expedition_05_Iquitos_00025-11-683x1024.jpg 683w, https:\/\/j-was-here.com\/de\/wp-content\/uploads\/sites\/7\/1805_America\/1805_expedition_05_Iquitos_00025-11-200x300.jpg 200w, https:\/\/j-was-here.com\/de\/wp-content\/uploads\/sites\/7\/1805_America\/1805_expedition_05_Iquitos_00025-11-768x1152.jpg 768w, https:\/\/j-was-here.com\/de\/wp-content\/uploads\/sites\/7\/1805_America\/1805_expedition_05_Iquitos_00025-11-1024x1536.jpg 1024w, https:\/\/j-was-here.com\/de\/wp-content\/uploads\/sites\/7\/1805_America\/1805_expedition_05_Iquitos_00025-11-1365x2048.jpg 1365w, https:\/\/j-was-here.com\/de\/wp-content\/uploads\/sites\/7\/1805_America\/1805_expedition_05_Iquitos_00025-11-1170x1755.jpg 1170w, https:\/\/j-was-here.com\/de\/wp-content\/uploads\/sites\/7\/1805_America\/1805_expedition_05_Iquitos_00025-11-scaled.jpg 1707w\" data-sizes=\"(max-width: 683px) 100vw, 683px\" src=\"data:image\/svg+xml;base64,PHN2ZyB3aWR0aD0iMSIgaGVpZ2h0PSIxIiB4bWxucz0iaHR0cDovL3d3dy53My5vcmcvMjAwMC9zdmciPjwvc3ZnPg==\" style=\"--smush-placeholder-width: 683px; --smush-placeholder-aspect-ratio: 683\/1024;\" \/><\/figure>\n<\/figure>\n","protected":false},"excerpt":{"rendered":"<p>Gal\u00e1pagos &amp; Peru Rundreise: Tag 16 &#8211; max. 3 Affen sitzen auf meiner Schulter Den Vormittag haben wir auf der ca. eine halbe Stunde entfernten Affeninsel nahe Iquitos im Amazonas-Gebiet von Peru verbracht. Es war gro\u00dfartig, die Tiere endlich mal ohne K\u00e4fig in freier Natur zu erleben. Zwei Arten &#8211; Wooley Monkeys und Spider Monkeys [&hellip;]<\/p>\n","protected":false},"author":1,"featured_media":4187,"comment_status":"open","ping_status":"open","sticky":false,"template":"","format":"standard","meta":{"_trash_the_other_posts":false,"_sitemap_exclude":false,"_sitemap_priority":"","_sitemap_frequency":"","editor_notices":[],"footnotes":""},"categories":[13,7],"tags":[32,152,210,239,291,360],"_yoast_wpseo_content_score":"60","_yoast_wpseo_focuskw":"Affeninsel Iquitos","_yoast_wpseo_metadesc":"Erlebe mit mir Tag 16 meiner Rundreise durch Gal\u00e1pagos & Peru: Freche Affen auf der Schulter und Urwald-Abenteuer in Iquitos!","_yoast_wpseo_title":"Gal\u00e1pagos & Peru Rundreise: Abenteuer in Perus Amazonas-Gebiet - Tag 16","yoast_head":"<!-- This site is optimized with the Yoast SEO plugin v24.5 - https:\/\/yoast.com\/wordpress\/plugins\/seo\/ -->\n<title>Gal\u00e1pagos &amp; Peru Rundreise: Abenteuer in Perus Amazonas-Gebiet - Tag 16<\/title>\n<meta name=\"description\" content=\"Erlebe mit mir Tag 16 meiner Rundreise durch Gal\u00e1pagos &amp; Peru: Freche Affen auf der Schulter und Urwald-Abenteuer in Iquitos!\" \/>\n<meta name=\"robots\" content=\"index, follow, max-snippet:-1, max-image-preview:large, max-video-preview:-1\" \/>\n<link rel=\"canonical\" href=\"https:\/\/j-was-here.com\/de\/auf-reisen\/die-affeninsel-isla-de-los-monos-und-ein-bisschen-avatar-nahe-iquitos\/\" \/>\n<meta property=\"og:locale\" content=\"de_DE\" \/>\n<meta property=\"og:type\" content=\"article\" \/>\n<meta property=\"og:title\" content=\"Gal\u00e1pagos &amp; Peru Rundreise: Abenteuer in Perus Amazonas-Gebiet - Tag 16\" \/>\n<meta property=\"og:description\" content=\"Erlebe mit mir Tag 16 meiner Rundreise durch Gal\u00e1pagos &amp; Peru: Freche Affen auf der Schulter und Urwald-Abenteuer in Iquitos!\" \/>\n<meta property=\"og:url\" content=\"https:\/\/j-was-here.com\/de\/auf-reisen\/die-affeninsel-isla-de-los-monos-und-ein-bisschen-avatar-nahe-iquitos\/\" \/>\n<meta property=\"og:site_name\" content=\"J WAS HERE\" \/>\n<meta property=\"article:published_time\" content=\"2018-05-11T18:04:03+00:00\" \/>\n<meta property=\"article:modified_time\" content=\"2024-05-02T10:19:13+00:00\" \/>\n<meta property=\"og:image\" content=\"https:\/\/j-was-here.com\/de\/wp-content\/uploads\/sites\/7\/1805_America\/1805_expedition_05_Iquitos_00089-5-scaled.jpg\" \/>\n\t<meta property=\"og:image:width\" content=\"2560\" \/>\n\t<meta property=\"og:image:height\" content=\"1613\" \/>\n\t<meta property=\"og:image:type\" content=\"image\/jpeg\" \/>\n<meta name=\"author\" content=\"Julia\" \/>\n<meta name=\"twitter:card\" content=\"summary_large_image\" \/>\n<meta name=\"twitter:label1\" content=\"Verfasst von\" \/>\n\t<meta name=\"twitter:data1\" content=\"Julia\" \/>\n\t<meta name=\"twitter:label2\" content=\"Gesch\u00e4tzte Lesezeit\" \/>\n\t<meta name=\"twitter:data2\" content=\"3\u00a0Minuten\" \/>\n<script type=\"application\/ld+json\" class=\"yoast-schema-graph\">{\"@context\":\"https:\/\/schema.org\",\"@graph\":[{\"@type\":[\"Article\",\"BlogPosting\"],\"@id\":\"https:\/\/j-was-here.com\/de\/auf-reisen\/die-affeninsel-isla-de-los-monos-und-ein-bisschen-avatar-nahe-iquitos\/#article\",\"isPartOf\":{\"@id\":\"https:\/\/j-was-here.com\/de\/auf-reisen\/die-affeninsel-isla-de-los-monos-und-ein-bisschen-avatar-nahe-iquitos\/\"},\"author\":{\"name\":\"Julia\",\"@id\":\"https:\/\/j-was-here.com\/de\/#\/schema\/person\/d06410cbae1d35fd8789fd46cc001923\"},\"headline\":\"Die Affeninsel Isla de los Monos und ein bisschen &#8222;Avatar&#8220; nahe Iquitos\",\"datePublished\":\"2018-05-11T18:04:03+00:00\",\"dateModified\":\"2024-05-02T10:19:13+00:00\",\"mainEntityOfPage\":{\"@id\":\"https:\/\/j-was-here.com\/de\/auf-reisen\/die-affeninsel-isla-de-los-monos-und-ein-bisschen-avatar-nahe-iquitos\/\"},\"wordCount\":298,\"commentCount\":0,\"publisher\":{\"@id\":\"https:\/\/j-was-here.com\/de\/#\/schema\/person\/d06410cbae1d35fd8789fd46cc001923\"},\"image\":{\"@id\":\"https:\/\/j-was-here.com\/de\/auf-reisen\/die-affeninsel-isla-de-los-monos-und-ein-bisschen-avatar-nahe-iquitos\/#primaryimage\"},\"thumbnailUrl\":\"https:\/\/j-was-here.com\/de\/wp-content\/uploads\/sites\/7\/1805_America\/1805_expedition_05_Iquitos_00089-5-scaled.jpg\",\"keywords\":[\"Amazonas\",\"Iquitos\",\"Natur\",\"Peru\",\"S\u00fcdamerika\",\"wildlife\"],\"articleSection\":[\"Gal\u00e1pagos und Peru Rundreise\",\"Unterwegs\"],\"inLanguage\":\"de\",\"potentialAction\":[{\"@type\":\"CommentAction\",\"name\":\"Comment\",\"target\":[\"https:\/\/j-was-here.com\/de\/auf-reisen\/die-affeninsel-isla-de-los-monos-und-ein-bisschen-avatar-nahe-iquitos\/#respond\"]}]},{\"@type\":[\"WebPage\",\"AboutPage\"],\"@id\":\"https:\/\/j-was-here.com\/de\/auf-reisen\/die-affeninsel-isla-de-los-monos-und-ein-bisschen-avatar-nahe-iquitos\/\",\"url\":\"https:\/\/j-was-here.com\/de\/auf-reisen\/die-affeninsel-isla-de-los-monos-und-ein-bisschen-avatar-nahe-iquitos\/\",\"name\":\"Gal\u00e1pagos & Peru Rundreise: Abenteuer in Perus Amazonas-Gebiet - Tag 16\",\"isPartOf\":{\"@id\":\"https:\/\/j-was-here.com\/de\/#website\"},\"primaryImageOfPage\":{\"@id\":\"https:\/\/j-was-here.com\/de\/auf-reisen\/die-affeninsel-isla-de-los-monos-und-ein-bisschen-avatar-nahe-iquitos\/#primaryimage\"},\"image\":{\"@id\":\"https:\/\/j-was-here.com\/de\/auf-reisen\/die-affeninsel-isla-de-los-monos-und-ein-bisschen-avatar-nahe-iquitos\/#primaryimage\"},\"thumbnailUrl\":\"https:\/\/j-was-here.com\/de\/wp-content\/uploads\/sites\/7\/1805_America\/1805_expedition_05_Iquitos_00089-5-scaled.jpg\",\"datePublished\":\"2018-05-11T18:04:03+00:00\",\"dateModified\":\"2024-05-02T10:19:13+00:00\",\"description\":\"Erlebe mit mir Tag 16 meiner Rundreise durch Gal\u00e1pagos & Peru: Freche Affen auf der Schulter und Urwald-Abenteuer in Iquitos!\",\"breadcrumb\":{\"@id\":\"https:\/\/j-was-here.com\/de\/auf-reisen\/die-affeninsel-isla-de-los-monos-und-ein-bisschen-avatar-nahe-iquitos\/#breadcrumb\"},\"inLanguage\":\"de\",\"potentialAction\":[{\"@type\":\"ReadAction\",\"target\":[\"https:\/\/j-was-here.com\/de\/auf-reisen\/die-affeninsel-isla-de-los-monos-und-ein-bisschen-avatar-nahe-iquitos\/\"]}]},{\"@type\":\"ImageObject\",\"inLanguage\":\"de\",\"@id\":\"https:\/\/j-was-here.com\/de\/auf-reisen\/die-affeninsel-isla-de-los-monos-und-ein-bisschen-avatar-nahe-iquitos\/#primaryimage\",\"url\":\"https:\/\/j-was-here.com\/de\/wp-content\/uploads\/sites\/7\/1805_America\/1805_expedition_05_Iquitos_00089-5-scaled.jpg\",\"contentUrl\":\"https:\/\/j-was-here.com\/de\/wp-content\/uploads\/sites\/7\/1805_America\/1805_expedition_05_Iquitos_00089-5-scaled.jpg\",\"width\":2560,\"height\":1613,\"caption\":\"Isla de los monos, Erkundung von Iquitos, Amazonas, Peru, S\u00fcdamerika\"},{\"@type\":\"BreadcrumbList\",\"@id\":\"https:\/\/j-was-here.com\/de\/auf-reisen\/die-affeninsel-isla-de-los-monos-und-ein-bisschen-avatar-nahe-iquitos\/#breadcrumb\",\"itemListElement\":[{\"@type\":\"ListItem\",\"position\":1,\"name\":\"Home\",\"item\":\"https:\/\/j-was-here.com\/de\/\"},{\"@type\":\"ListItem\",\"position\":2,\"name\":\"Die Affeninsel Isla de los Monos und ein bisschen &#8220;Avatar&#8221; nahe Iquitos\"}]},{\"@type\":\"WebSite\",\"@id\":\"https:\/\/j-was-here.com\/de\/#website\",\"url\":\"https:\/\/j-was-here.com\/de\/\",\"name\":\"J WAS HERE\",\"description\":\"family, home &amp; travel\",\"publisher\":{\"@id\":\"https:\/\/j-was-here.com\/de\/#\/schema\/person\/d06410cbae1d35fd8789fd46cc001923\"},\"alternateName\":\"Julia's travels\",\"potentialAction\":[{\"@type\":\"SearchAction\",\"target\":{\"@type\":\"EntryPoint\",\"urlTemplate\":\"https:\/\/j-was-here.com\/de\/?s={search_term_string}\"},\"query-input\":{\"@type\":\"PropertyValueSpecification\",\"valueRequired\":true,\"valueName\":\"search_term_string\"}}],\"inLanguage\":\"de\"},{\"@type\":[\"Person\",\"Organization\"],\"@id\":\"https:\/\/j-was-here.com\/de\/#\/schema\/person\/d06410cbae1d35fd8789fd46cc001923\",\"name\":\"Julia\",\"image\":{\"@type\":\"ImageObject\",\"inLanguage\":\"de\",\"@id\":\"https:\/\/j-was-here.com\/de\/#\/schema\/person\/image\/\",\"url\":\"https:\/\/j-was-here.com\/de\/wp-content\/uploads\/sites\/7\/2022\/12\/j-was-here-logo.jpeg\",\"contentUrl\":\"https:\/\/j-was-here.com\/de\/wp-content\/uploads\/sites\/7\/2022\/12\/j-was-here-logo.jpeg\",\"width\":150,\"height\":150,\"caption\":\"Julia\"},\"logo\":{\"@id\":\"https:\/\/j-was-here.com\/de\/#\/schema\/person\/image\/\"},\"description\":\"Julia is a loving wife and mother with a creative mind, a passion for travel, good design and photography.\",\"sameAs\":[\"http:\/\/julia-renzelmann.de\",\"https:\/\/www.instagram.com\/j_washere\/\",\"https:\/\/www.pinterest.de\/jstayshere\/?invite_code=26d875df9dff4e16a8e9e7736fc5571d\"],\"url\":\"https:\/\/j-was-here.com\/de\/author\/julia\/\"}]}<\/script>\n<!-- \/ Yoast SEO plugin. -->","yoast_head_json":{"title":"Gal\u00e1pagos & Peru Rundreise: Abenteuer in Perus Amazonas-Gebiet - Tag 16","description":"Erlebe mit mir Tag 16 meiner Rundreise durch Gal\u00e1pagos & Peru: Freche Affen auf der Schulter und Urwald-Abenteuer in Iquitos!","robots":{"index":"index","follow":"follow","max-snippet":"max-snippet:-1","max-image-preview":"max-image-preview:large","max-video-preview":"max-video-preview:-1"},"canonical":"https:\/\/j-was-here.com\/de\/auf-reisen\/die-affeninsel-isla-de-los-monos-und-ein-bisschen-avatar-nahe-iquitos\/","og_locale":"de_DE","og_type":"article","og_title":"Gal\u00e1pagos & Peru Rundreise: Abenteuer in Perus Amazonas-Gebiet - Tag 16","og_description":"Erlebe mit mir Tag 16 meiner Rundreise durch Gal\u00e1pagos & Peru: Freche Affen auf der Schulter und Urwald-Abenteuer in Iquitos!","og_url":"https:\/\/j-was-here.com\/de\/auf-reisen\/die-affeninsel-isla-de-los-monos-und-ein-bisschen-avatar-nahe-iquitos\/","og_site_name":"J WAS HERE","article_published_time":"2018-05-11T18:04:03+00:00","article_modified_time":"2024-05-02T10:19:13+00:00","og_image":[{"width":2560,"height":1613,"url":"https:\/\/j-was-here.com\/de\/wp-content\/uploads\/sites\/7\/1805_America\/1805_expedition_05_Iquitos_00089-5-scaled.jpg","type":"image\/jpeg"}],"author":"Julia","twitter_card":"summary_large_image","twitter_misc":{"Verfasst von":"Julia","Gesch\u00e4tzte Lesezeit":"3\u00a0Minuten"},"schema":{"@context":"https:\/\/schema.org","@graph":[{"@type":["Article","BlogPosting"],"@id":"https:\/\/j-was-here.com\/de\/auf-reisen\/die-affeninsel-isla-de-los-monos-und-ein-bisschen-avatar-nahe-iquitos\/#article","isPartOf":{"@id":"https:\/\/j-was-here.com\/de\/auf-reisen\/die-affeninsel-isla-de-los-monos-und-ein-bisschen-avatar-nahe-iquitos\/"},"author":{"name":"Julia","@id":"https:\/\/j-was-here.com\/de\/#\/schema\/person\/d06410cbae1d35fd8789fd46cc001923"},"headline":"Die Affeninsel Isla de los Monos und ein bisschen &#8222;Avatar&#8220; nahe Iquitos","datePublished":"2018-05-11T18:04:03+00:00","dateModified":"2024-05-02T10:19:13+00:00","mainEntityOfPage":{"@id":"https:\/\/j-was-here.com\/de\/auf-reisen\/die-affeninsel-isla-de-los-monos-und-ein-bisschen-avatar-nahe-iquitos\/"},"wordCount":298,"commentCount":0,"publisher":{"@id":"https:\/\/j-was-here.com\/de\/#\/schema\/person\/d06410cbae1d35fd8789fd46cc001923"},"image":{"@id":"https:\/\/j-was-here.com\/de\/auf-reisen\/die-affeninsel-isla-de-los-monos-und-ein-bisschen-avatar-nahe-iquitos\/#primaryimage"},"thumbnailUrl":"https:\/\/j-was-here.com\/de\/wp-content\/uploads\/sites\/7\/1805_America\/1805_expedition_05_Iquitos_00089-5-scaled.jpg","keywords":["Amazonas","Iquitos","Natur","Peru","S\u00fcdamerika","wildlife"],"articleSection":["Gal\u00e1pagos und Peru Rundreise","Unterwegs"],"inLanguage":"de","potentialAction":[{"@type":"CommentAction","name":"Comment","target":["https:\/\/j-was-here.com\/de\/auf-reisen\/die-affeninsel-isla-de-los-monos-und-ein-bisschen-avatar-nahe-iquitos\/#respond"]}]},{"@type":["WebPage","AboutPage"],"@id":"https:\/\/j-was-here.com\/de\/auf-reisen\/die-affeninsel-isla-de-los-monos-und-ein-bisschen-avatar-nahe-iquitos\/","url":"https:\/\/j-was-here.com\/de\/auf-reisen\/die-affeninsel-isla-de-los-monos-und-ein-bisschen-avatar-nahe-iquitos\/","name":"Gal\u00e1pagos & Peru Rundreise: Abenteuer in Perus Amazonas-Gebiet - Tag 16","isPartOf":{"@id":"https:\/\/j-was-here.com\/de\/#website"},"primaryImageOfPage":{"@id":"https:\/\/j-was-here.com\/de\/auf-reisen\/die-affeninsel-isla-de-los-monos-und-ein-bisschen-avatar-nahe-iquitos\/#primaryimage"},"image":{"@id":"https:\/\/j-was-here.com\/de\/auf-reisen\/die-affeninsel-isla-de-los-monos-und-ein-bisschen-avatar-nahe-iquitos\/#primaryimage"},"thumbnailUrl":"https:\/\/j-was-here.com\/de\/wp-content\/uploads\/sites\/7\/1805_America\/1805_expedition_05_Iquitos_00089-5-scaled.jpg","datePublished":"2018-05-11T18:04:03+00:00","dateModified":"2024-05-02T10:19:13+00:00","description":"Erlebe mit mir Tag 16 meiner Rundreise durch Gal\u00e1pagos & Peru: Freche Affen auf der Schulter und Urwald-Abenteuer in Iquitos!","breadcrumb":{"@id":"https:\/\/j-was-here.com\/de\/auf-reisen\/die-affeninsel-isla-de-los-monos-und-ein-bisschen-avatar-nahe-iquitos\/#breadcrumb"},"inLanguage":"de","potentialAction":[{"@type":"ReadAction","target":["https:\/\/j-was-here.com\/de\/auf-reisen\/die-affeninsel-isla-de-los-monos-und-ein-bisschen-avatar-nahe-iquitos\/"]}]},{"@type":"ImageObject","inLanguage":"de","@id":"https:\/\/j-was-here.com\/de\/auf-reisen\/die-affeninsel-isla-de-los-monos-und-ein-bisschen-avatar-nahe-iquitos\/#primaryimage","url":"https:\/\/j-was-here.com\/de\/wp-content\/uploads\/sites\/7\/1805_America\/1805_expedition_05_Iquitos_00089-5-scaled.jpg","contentUrl":"https:\/\/j-was-here.com\/de\/wp-content\/uploads\/sites\/7\/1805_America\/1805_expedition_05_Iquitos_00089-5-scaled.jpg","width":2560,"height":1613,"caption":"Isla de los monos, Erkundung von Iquitos, Amazonas, Peru, S\u00fcdamerika"},{"@type":"BreadcrumbList","@id":"https:\/\/j-was-here.com\/de\/auf-reisen\/die-affeninsel-isla-de-los-monos-und-ein-bisschen-avatar-nahe-iquitos\/#breadcrumb","itemListElement":[{"@type":"ListItem","position":1,"name":"Home","item":"https:\/\/j-was-here.com\/de\/"},{"@type":"ListItem","position":2,"name":"Die Affeninsel Isla de los Monos und ein bisschen &#8220;Avatar&#8221; nahe Iquitos"}]},{"@type":"WebSite","@id":"https:\/\/j-was-here.com\/de\/#website","url":"https:\/\/j-was-here.com\/de\/","name":"J WAS HERE","description":"family, home &amp; travel","publisher":{"@id":"https:\/\/j-was-here.com\/de\/#\/schema\/person\/d06410cbae1d35fd8789fd46cc001923"},"alternateName":"Julia's travels","potentialAction":[{"@type":"SearchAction","target":{"@type":"EntryPoint","urlTemplate":"https:\/\/j-was-here.com\/de\/?s={search_term_string}"},"query-input":{"@type":"PropertyValueSpecification","valueRequired":true,"valueName":"search_term_string"}}],"inLanguage":"de"},{"@type":["Person","Organization"],"@id":"https:\/\/j-was-here.com\/de\/#\/schema\/person\/d06410cbae1d35fd8789fd46cc001923","name":"Julia","image":{"@type":"ImageObject","inLanguage":"de","@id":"https:\/\/j-was-here.com\/de\/#\/schema\/person\/image\/","url":"https:\/\/j-was-here.com\/de\/wp-content\/uploads\/sites\/7\/2022\/12\/j-was-here-logo.jpeg","contentUrl":"https:\/\/j-was-here.com\/de\/wp-content\/uploads\/sites\/7\/2022\/12\/j-was-here-logo.jpeg","width":150,"height":150,"caption":"Julia"},"logo":{"@id":"https:\/\/j-was-here.com\/de\/#\/schema\/person\/image\/"},"description":"Julia is a loving wife and mother with a creative mind, a passion for travel, good design and photography.","sameAs":["http:\/\/julia-renzelmann.de","https:\/\/www.instagram.com\/j_washere\/","https:\/\/www.pinterest.de\/jstayshere\/?invite_code=26d875df9dff4e16a8e9e7736fc5571d"],"url":"https:\/\/j-was-here.com\/de\/author\/julia\/"}]}},"_links":{"self":[{"href":"https:\/\/j-was-here.com\/de\/wp-json\/wp\/v2\/posts\/1834"}],"collection":[{"href":"https:\/\/j-was-here.com\/de\/wp-json\/wp\/v2\/posts"}],"about":[{"href":"https:\/\/j-was-here.com\/de\/wp-json\/wp\/v2\/types\/post"}],"author":[{"embeddable":true,"href":"https:\/\/j-was-here.com\/de\/wp-json\/wp\/v2\/users\/1"}],"replies":[{"embeddable":true,"href":"https:\/\/j-was-here.com\/de\/wp-json\/wp\/v2\/comments?post=1834"}],"version-history":[{"count":2,"href":"https:\/\/j-was-here.com\/de\/wp-json\/wp\/v2\/posts\/1834\/revisions"}],"predecessor-version":[{"id":5848,"href":"https:\/\/j-was-here.com\/de\/wp-json\/wp\/v2\/posts\/1834\/revisions\/5848"}],"wp:featuredmedia":[{"embeddable":true,"href":"https:\/\/j-was-here.com\/de\/wp-json\/wp\/v2\/media\/4187"}],"wp:attachment":[{"href":"https:\/\/j-was-here.com\/de\/wp-json\/wp\/v2\/media?parent=1834"}],"wp:term":[{"taxonomy":"category","embeddable":true,"href":"https:\/\/j-was-here.com\/de\/wp-json\/wp\/v2\/categories?post=1834"},{"taxonomy":"post_tag","embeddable":true,"href":"https:\/\/j-was-here.com\/de\/wp-json\/wp\/v2\/tags?post=1834"}],"curies":[{"name":"wp","href":"https:\/\/api.w.org\/{rel}","templated":true}]}}